{"id":1035,"date":"2024-08-05T20:08:24","date_gmt":"2024-08-05T20:08:24","guid":{"rendered":"https:\/\/whospopular.com\/?p=1035"},"modified":"2025-01-25T12:44:39","modified_gmt":"2025-01-25T17:44:39","slug":"tim-walz","status":"publish","type":"post","link":"https:\/\/whospopular.com\/pl\/tim-walz\/","title":{"rendered":"Tim Walz"},"content":{"rendered":"<!DOCTYPE html>\n<html lang=\"en\">\n<head>\n    <meta charset=\"UTF-8\">\n    <meta name=\"viewport\" content=\"width=device-width, initial-scale=1.0\">\n    <style>\n        @import url('https:\/\/fonts.googleapis.com\/css2?family=Poppins:wght@400&display=swap');\n\n        .custom-select-wrapper {\n            position: relative;\n            display: inline-block;\n            width: auto; \/* Auto width to fit content *\/\n        }\n\n        .custom-select {\n            display: flex;\n            flex-direction: column;\n            cursor: pointer;\n            border: 1px solid #ccc;\n            border-radius: 4px;\n            background-color: #fff;\n        }\n\n        .custom-select-trigger {\n            padding: 5px 10px; \/* Reduced padding *\/\n            display: flex;\n            align-items: center;\n            justify-content: flex-start;\n            background-color: #fff;\n        }\n\n        .custom-select-trigger img {\n            margin-right: 5px; \/* Reduced margin *\/\n            width: 20px; \/* Increase the width by 25% *\/\n            height: auto;\n        }\n\n        .custom-options {\n            position: absolute;\n            top: 100%;\n            left: 0;\n            right: 0;\n            border: 1px solid #ccc;\n            border-top: none;\n            background-color: #fff;\n            max-height: 200px;\n            overflow-y: auto;\n            z-index: 999;\n            display: none;\n        }\n\n        .custom-options.active {\n            display: block;\n        }\n\n        .custom-option {\n            padding: 5px 10px; \/* Reduced padding *\/\n            display: flex;\n            align-items: center;\n            cursor: pointer;\n            transition: background-color 0.3s;\n        }\n\n        .custom-option:hover {\n            background-color: #f1f1f1;\n        }\n\n        .custom-option img {\n            margin-right: 5px; \/* Reduced margin *\/\n            width: 20px; \/* Increase the width by 25% *\/\n            height: auto;\n            vertical-align: middle;\n        }\n\n        .custom-select-trigger span {\n            font-size: 14px; \/* Adjust font size *\/\n        }\n\n        .custom-option {\n            font-size: 14px; \/* Adjust font size *\/\n        }\n    <\/style>\n    <script>\n        document.addEventListener(\"DOMContentLoaded\", function () {\n            const selectTrigger = document.querySelector(\".custom-select-trigger\");\n            const customOptions = document.querySelector(\".custom-options\");\n\n            selectTrigger.addEventListener(\"click\", function (event) {\n                event.stopPropagation();\n                customOptions.classList.toggle(\"active\");\n            });\n\n            document.querySelectorAll(\".custom-option\").forEach(option => {\n                option.addEventListener(\"click\", function () {\n                    const value = option.getAttribute(\"data-lang\");\n                    changeLanguage(value);\n                    selectTrigger.innerHTML = option.innerHTML;\n                    customOptions.classList.remove(\"active\");\n                });\n            });\n\n            document.addEventListener(\"click\", function (event) {\n                if (!selectTrigger.contains(event.target) && !customOptions.contains(event.target)) {\n                    customOptions.classList.remove(\"active\");\n                }\n            });\n\n            function changeLanguage(lang) {\n                var selectedLang = lang;\n\n                \/\/ Get the current URL\n                var currentUrl = window.location.href;\n\n                \/\/ Extract the path after the domain\n                var path = currentUrl.split(window.location.hostname)[1];\n\n                \/\/ Remove the leading slash\n                path = path.substring(1);\n\n                \/\/ Check if the current URL contains a language code\n                var pathSegments = path.split(\"\/\");\n                var langCodes = [\"fr\", \"es\", \"de\", \"pt\", \"it\", \"pl\", \"gr\", \"nl\", \"da\", \"fin\", \"no\", \"sv\", \"ru\", \"tr\", \"zh\", \"jp\", \"ko\", \"vn\", \"id\", \"hi\", \"cs\", \"ro\", \"bg\", \"hu\", \"uk\", \"th\", \"fil\", \"ar\", \"fa\", \"he\"];\n\n                if (langCodes.includes(pathSegments[0])) {\n                    \/\/ If it does, replace the first segment with the selected language code\n                    if (selectedLang === \"\") {\n                        \/\/ If English is selected, remove the language code\n                        pathSegments.shift();\n                    } else {\n                        pathSegments[0] = selectedLang;\n                    }\n                } else {\n                    if (selectedLang !== \"\") {\n                        \/\/ If it doesn't, add the selected language code as the first segment\n                        pathSegments.unshift(selectedLang);\n                    }\n                }\n\n                \/\/ Rebuild the URL with the new language code\n                var newPath = \"\/\" + pathSegments.join(\"\/\");\n\n                \/\/ Redirect to the new URL\n                window.location.href = newPath;\n            }\n        });\n    <\/script>\n<\/head>\n<body>\n    <div class=\"custom-select-wrapper\">\n        <div class=\"custom-select\">\n            <div class=\"custom-select-trigger\">\n                <img decoding=\"async\" src=\"\/wp-content\/uploads\/flags\/translate.png\" alt=\"Translate\"> \n                <span>Dostosuj j\u0119zyk strony<\/span>\n            <\/div>\n            <div class=\"custom-options\">\n                <div class=\"custom-option\" data-lang=\"en\">\n                    <img decoding=\"async\" src=\"\/wp-content\/uploads\/flags\/us.png\" alt=\"English\"> English\n                <\/div>\n                <div class=\"custom-option\" data-lang=\"fr\">\n                    <img decoding=\"async\" src=\"\/wp-content\/uploads\/flags\/fr.png\" alt=\"Fran\u00e7ais\"> Fran\u00e7ais\n                <\/div>\n                <div class=\"custom-option\" data-lang=\"es\">\n                    <img decoding=\"async\" src=\"\/wp-content\/uploads\/flags\/es.png\" alt=\"Espa\u00f1ol\"> Espa\u00f1ol\n                <\/div>\n                <div class=\"custom-option\" data-lang=\"de\">\n                    <img decoding=\"async\" src=\"\/wp-content\/uploads\/flags\/de.png\" alt=\"Deutsch\"> Deutsch\n                <\/div>\n                <div class=\"custom-option\" data-lang=\"pt\">\n                    <img decoding=\"async\" src=\"\/wp-content\/uploads\/flags\/pt.png\" alt=\"Portugu\u00eas\"> Portugu\u00eas\n                <\/div>\n                <div class=\"custom-option\" data-lang=\"it\">\n                    <img decoding=\"async\" src=\"\/wp-content\/uploads\/flags\/it.png\" alt=\"Italiano\"> Italiano\n                <\/div>\n                <div class=\"custom-option\" data-lang=\"gr\">\n                    <img decoding=\"async\" src=\"\/wp-content\/uploads\/flags\/gr.png\" alt=\"\u0395\u03bb\u03bb\u03b7\u03bd\u03b9\u03ba\u03ac\"> \u0395\u03bb\u03bb\u03b7\u03bd\u03b9\u03ba\u03ac\n                <\/div>\n            <\/div>\n        <\/div>\n    <\/div>\n<\/body>\n<\/html>\n\n\n<p><strong>Podsumowanie<\/strong><br>Tim Walz, 41. gubernator Minnesoty, to do\u015bwiadczony dzia\u0142acz publiczny z bogat\u0105 karier\u0105 obejmuj\u0105c\u0105 edukacj\u0119, s\u0142u\u017cb\u0119 wojskow\u0105 i polityk\u0119. Znany z post\u0119powych polityk oraz pragmatycznego podej\u015bcia, Walz wni\u00f3s\u0142 znacz\u0105cy wk\u0142ad w rozw\u00f3j Minnesoty. Jego kluczowe osi\u0105gni\u0119cia to s\u0142u\u017cba wojskowa, sze\u015b\u0107 kadencji w Kongresie oraz wprowadzenie transformacyjnych reform jako gubernator. Dzi\u0119ki przyst\u0119pnemu stylowi bycia i rosn\u0105cej pozycji na arenie krajowej, pozostaje wp\u0142ywow\u0105 postaci\u0105 w ameryka\u0144skiej polityce.<\/p>\n\n\n\n<script async src=\"https:\/\/pagead2.googlesyndication.com\/pagead\/js\/adsbygoogle.js?client=ca-pub-1547284375537377\" crossorigin=\"anonymous\"><\/script>\n<ins class=\"adsbygoogle\"\n     style=\"display:block; text-align:center; background-color:#ffffff;\"\n     data-ad-layout=\"in-article\"\n     data-ad-format=\"fluid\"\n     data-ad-client=\"ca-pub-1547284375537377\"\n     data-ad-slot=\"4015392629\"><\/ins>\n<script>\n     (adsbygoogle = window.adsbygoogle || []).push({});\n<\/script>\n\n\n\n\n<h2 class=\"wp-block-heading\">Biografia<\/h2>\n\n\n\n<p>Timothy James Walz, urodzony 6 kwietnia 1964 roku w West Point w stanie Nebraska, ma 62 lat. Wychowany w rodzinie ceni\u0105cej s\u0142u\u017cb\u0119 na rzecz spo\u0142eczno\u015bci, od najm\u0142odszych lat kszta\u0142towa\u0142 w sobie poczucie obowi\u0105zku, kt\u00f3re ukszta\u0142towa\u0142o jego p\u00f3\u017aniejsz\u0105 karier\u0119. W 1989 roku uzyska\u0142 dyplom z nauk spo\u0142ecznych na Chadron State College, a nast\u0119pnie pracowa\u0142 jako nauczyciel, m.in. w Chinach. Po 24 latach s\u0142u\u017cby w Gwardii Narodowej Armii, gdzie osi\u0105gn\u0105\u0142 stopie\u0144 Starszego Sier\u017canta Sztabowego, przeszed\u0142 na emerytur\u0119. Podczas swojej kariery wojskowej uczestniczy\u0142 w misji Operation Enduring Freedom. Obecnie mieszka w St. Paul w Minnesocie wraz z \u017con\u0105 Gwen i dw\u00f3jk\u0105 dzieci, Hope i Gusem. Jako gubernator Minnesoty Walz aktywnie dzia\u0142a na rzecz edukacji, ochrony zdrowia i \u015brodowiska.<\/p>\n\n\n\n<h3 class=\"wp-block-heading\">Popularno\u015b\u0107<\/h3>\n\n\n\n<p>Tim Walz cieszy si\u0119 szerokim uznaniem za swoje przyw\u00f3dztwo i zaanga\u017cowanie w s\u0142u\u017cb\u0119 publiczn\u0105. Jego post\u0119powe polityki oraz praktyczne podej\u015bcie przynios\u0142y mu szacunek zar\u00f3wno w Minnesocie, jak i poza ni\u0105. Jako przewodnicz\u0105cy Stowarzyszenia Demokratycznych Gubernator\u00f3w odegra\u0142 kluczow\u0105 rol\u0119 na krajowej scenie politycznej, umacniaj\u0105c swoj\u0105 reputacj\u0119.<\/p>\n\n\n\n<h3 class=\"wp-block-heading\">Osi\u0105gni\u0119cia<\/h3>\n\n\n\n<ul class=\"wp-block-list\">\n<li>24 lata s\u0142u\u017cby w Gwardii Narodowej Armii, zako\u0144czone na stanowisku Starszego Sier\u017canta Sztabowego.<\/li>\n\n\n\n<li>Najwy\u017cszy rang\u0105 \u017co\u0142nierz w historii, kt\u00f3ry zasiada\u0142 w Kongresie.<\/li>\n\n\n\n<li>Wybrany do Izby Reprezentant\u00f3w USA w 2006 roku i pe\u0142ni\u0142 funkcj\u0119 przez sze\u015b\u0107 kadencji.<\/li>\n\n\n\n<li>Wybrany na gubernatora Minnesoty w 2018 roku, ponownie wybrany w 2022 roku.<\/li>\n\n\n\n<li>Wprowadzenie bezp\u0142atnych posi\u0142k\u00f3w szkolnych, inicjatyw klimatycznych i rozszerzenie dost\u0119pu do opieki zdrowotnej jako gubernator.<\/li>\n\n\n\n<li>Zarz\u0105dzanie reakcj\u0105 Minnesoty na pandemi\u0119 COVID-19 poprzez stanowcze dzia\u0142ania.<\/li>\n\n\n\n<li>Wybrany na przewodnicz\u0105cego Stowarzyszenia Demokratycznych Gubernator\u00f3w.<\/li>\n<\/ul>\n\n\n\n<h3 class=\"wp-block-heading\">Wsp\u00f3\u0142prace<\/h3>\n\n\n\n<p>W trakcie swojej kariery Walz wsp\u00f3\u0142pracowa\u0142 z kluczowymi postaciami polityki i organizacjami, realizuj\u0105c swoje cele legislacyjne. Jego wsp\u00f3\u0142praca z nauczycielami, pracownikami ochrony zdrowia oraz dzia\u0142aczami na rzecz ochrony \u015brodowiska przyczyni\u0142a si\u0119 do wielu znacz\u0105cych osi\u0105gni\u0119\u0107. Funkcja przewodnicz\u0105cego Stowarzyszenia Demokratycznych Gubernator\u00f3w podkre\u015bla jego wp\u0142yw w promowaniu kandydat\u00f3w Partii Demokratycznej na szczeblu krajowym.<\/p>\n\n\n\n<script async src=\"https:\/\/pagead2.googlesyndication.com\/pagead\/js\/adsbygoogle.js?client=ca-pub-1547284375537377\"\n     crossorigin=\"anonymous\"><\/script>\n<ins class=\"adsbygoogle\"\n     style=\"display:block; text-align:center; background-color:#ffffff;\"\n     data-ad-layout=\"in-article\"\n     data-ad-format=\"fluid\"\n     data-ad-client=\"ca-pub-1547284375537377\"\n     data-ad-slot=\"2703979257\"><\/ins>\n<script>\n     (adsbygoogle = window.adsbygoogle || []).push({});\n<\/script>\n\n\n\n<h3 class=\"wp-block-heading\">Obecno\u015b\u0107 w mediach spo\u0142eczno\u015bciowych<\/h3>\n\n\n\n<p>Tim Walz aktywnie komunikuje si\u0119 z opini\u0105 publiczn\u0105 za po\u015brednictwem medi\u00f3w spo\u0142eczno\u015bciowych, gdzie udost\u0119pnia informacje o politykach, wydarzeniach i swoich osi\u0105gni\u0119ciach. Jego oficjalne konta:<\/p>\n\n\n\n<ul class=\"wp-block-list\">\n<li><strong>Instagram<\/strong>: 260 tys. obserwuj\u0105cych<\/li>\n\n\n\n<li><strong>X<\/strong> (dawniej Twitter): 640 tys. obserwuj\u0105cych<\/li>\n<\/ul>\n\n\n\n<h3 class=\"wp-block-heading\">Ostatnie wydarzenia<\/h3>\n\n\n\n<p>Jako gubernator Walz kontynuuje dzia\u0142ania na rzecz post\u0119powych reform, takich jak wprowadzenie bezp\u0142atnych posi\u0142k\u00f3w szkolnych i ochrona \u015brodowiska. W 2022 roku zosta\u0142 ponownie wybrany na drug\u0105 kadencj\u0119, co \u015bwiadczy o du\u017cym poparciu spo\u0142ecznym dla jego przyw\u00f3dztwa. Na scenie krajowej anga\u017cuje si\u0119 w kampanie na rzecz kandydat\u00f3w i polityk Partii Demokratycznej. Spekulacje o mo\u017cliwo\u015bci kandydowania na wiceprezydenta u boku Kamala Harris zwi\u0119kszaj\u0105 jego widoczno\u015b\u0107.<\/p>\n\n\n\n<p><strong>Ostatnia aktualizacja<\/strong>: 25 stycznia 2025<\/p>\n\n\n\n<p><sub>Zdj\u0119cie przedstawione w tym artykule pochodzi z Wikimedia Commons, darmowego repozytorium multimedi\u00f3w.<\/sub><\/p>\n\n\n\n<!-- Blok Gutenberga: Przycisk Zasugeruj Aktualizacj\u0119 -->\n<div style=\"text-align: right;\">\n    <button id=\"suggest-update-btn\" style=\"background-color: white; color: black; padding: 11.25px 24px; text-align: center; text-decoration: none; display: inline-block; font-size: 12px; margin: 4px 2px; border: 2px solid gold; cursor: pointer; border-radius: 50px;\">Zasugeruj aktualizacj\u0119<\/button>\n<\/div>\n\n<script>\n    document.addEventListener('DOMContentLoaded', function() {\n        \/\/ Pobierz tytu\u0142 strony z tagu <title>\n        var pageTitle = document.title;\n\n        \/\/ Funkcja do wyodr\u0119bnienia %%title%% z pe\u0142nego tytu\u0142u strony\n        function extractTitle(fullTitle) {\n            \/\/ Podziel tytu\u0142 za pomoc\u0105 pierwszego '?'\n            var titleParts = fullTitle.split('?');\n            \/\/ Zwr\u00f3\u0107 pierwsz\u0105 cz\u0119\u015b\u0107 po usuni\u0119ciu prefiksu \"Kto to \"\n            if (titleParts.length > 0) {\n                var extractedTitle = titleParts[0].trim();\n                if (extractedTitle.startsWith(\"Kto to \")) {\n                    extractedTitle = extractedTitle.substring(7); \/\/ Usu\u0144 \"Kto to \"\n                }\n                return extractedTitle.trim();\n            }\n            return fullTitle; \/\/ W przypadku b\u0142\u0119du zwr\u00f3\u0107 pe\u0142ny tytu\u0142\n        }\n\n        \/\/ Wyodr\u0119bniona cz\u0119\u015b\u0107 tytu\u0142u\n        var extractedTitle = extractTitle(pageTitle);\n\n        \/\/ Znajd\u017a element przycisku\n        var button = document.getElementById('suggest-update-btn');\n\n        \/\/ Ustaw link mailto z wyodr\u0119bnionym tytu\u0142em w temacie\n        button.addEventListener('click', function() {\n            var mailtoLink = 'mailto:editor@whospopular.com?subject=Zasugeruj%20aktualizacj\u0119%20w%20artykule%20' + encodeURIComponent(extractedTitle);\n            window.location.href = mailtoLink;\n        });\n    });\n<\/script>\n\n","protected":false},"excerpt":{"rendered":"<p>PodsumowanieTim Walz, 41. gubernator Minnesoty, to do&#347;wiadczony dzia&#322;acz publiczny z bogat&#261; karier&#261; obejmuj&#261;c&#261; edukacj&#281;, s&#322;u&#380;b&#281; wojskow&#261; i polityk&#281;. Znany z post&#281;powych polityk oraz pragmatycznego podej&#347;cia, Walz wni&oacute;s&#322; znacz&#261;cy wk&#322;ad w rozw&oacute;j Minnesoty. Jego kluczowe osi&#261;gni&#281;cia to s&#322;u&#380;ba wojskowa, sze&#347;&#263; kadencji w Kongresie oraz wprowadzenie transformacyjnych reform jako gubernator. Dzi&#281;ki przyst&#281;pnemu stylowi bycia i rosn&#261;cej pozycji [&hellip;]<\/p>\n","protected":false},"author":1,"featured_media":1263,"comment_status":"closed","ping_status":"closed","sticky":false,"template":"","format":"standard","meta":{"iawp_total_views":12,"_jetpack_memberships_contains_paid_content":false,"footnotes":""},"categories":[39],"tags":[],"class_list":["post-1035","post","type-post","status-publish","format-standard","has-post-thumbnail","hentry","category-politicians"],"yoast_head":"<!-- This site is optimized with the Yoast SEO plugin v23.8 - https:\/\/yoast.com\/wordpress\/plugins\/seo\/ -->\n<title>Kim jest Tim Walz? - Wszystko, co musisz wiedzie\u0107<\/title>\n<meta name=\"description\" content=\"Tim Walz, 41. gubernator Minnesoty, to do\u015bwiadczony dzia\u0142acz publiczny z bogat\u0105 karier\u0105 obejmuj\u0105c\u0105 edukacj\u0119, s\u0142u\u017cb\u0119 wojskow\u0105 i polityk\u0119. Znany z post\u0119powych polityk oraz pragmatycznego podej\u015bcia, Walz wni\u00f3s\u0142 znacz\u0105cy wk\u0142ad w rozw\u00f3j Minnesoty. Jego kluczowe osi\u0105gni\u0119cia to s\u0142u\u017cba wojskowa, sze\u015b\u0107 kadencji w Kongresie oraz wprowadzenie transformacyjnych reform jako gubernator. Dzi\u0119ki przyst\u0119pnemu stylowi bycia i rosn\u0105cej pozycji na arenie krajowej, pozostaje wp\u0142ywow\u0105 postaci\u0105 w ameryka\u0144skiej polityce.\" \/>\n<meta name=\"robots\" content=\"index, follow, max-snippet:-1, max-image-preview:large, max-video-preview:-1\" \/>\n<link rel=\"canonical\" href=\"https:\/\/whospopular.com\/pl\/tim-walz\/\" \/>\n<meta property=\"og:locale\" content=\"pl_PL\" \/>\n<meta property=\"og:type\" content=\"article\" \/>\n<meta property=\"og:title\" content=\"Kim jest Tim Walz? - Wszystko, co musisz wiedzie\u0107\" \/>\n<meta property=\"og:description\" content=\"Tim Walz, 41. gubernator Minnesoty, to do\u015bwiadczony dzia\u0142acz publiczny z bogat\u0105 karier\u0105 obejmuj\u0105c\u0105 edukacj\u0119, s\u0142u\u017cb\u0119 wojskow\u0105 i polityk\u0119. Znany z post\u0119powych polityk oraz pragmatycznego podej\u015bcia, Walz wni\u00f3s\u0142 znacz\u0105cy wk\u0142ad w rozw\u00f3j Minnesoty. Jego kluczowe osi\u0105gni\u0119cia to s\u0142u\u017cba wojskowa, sze\u015b\u0107 kadencji w Kongresie oraz wprowadzenie transformacyjnych reform jako gubernator. Dzi\u0119ki przyst\u0119pnemu stylowi bycia i rosn\u0105cej pozycji na arenie krajowej, pozostaje wp\u0142ywow\u0105 postaci\u0105 w ameryka\u0144skiej polityce.\" \/>\n<meta property=\"og:url\" content=\"https:\/\/whospopular.com\/pl\/tim-walz\/\" \/>\n<meta property=\"og:site_name\" content=\"Whos Popular\" \/>\n<meta property=\"article:published_time\" content=\"2024-08-05T20:08:24+00:00\" \/>\n<meta property=\"article:modified_time\" content=\"2025-01-25T17:44:39+00:00\" \/>\n<meta property=\"og:image\" content=\"https:\/\/whospopular.com\/wp-content\/uploads\/2024\/08\/Tim_Walz.png\" \/><meta property=\"og:image\" content=\"https:\/\/whospopular.com\/wp-content\/uploads\/2024\/08\/Tim_Walz.png\" \/>\n\t<meta property=\"og:image:width\" content=\"760\" \/>\n\t<meta property=\"og:image:height\" content=\"380\" \/>\n\t<meta property=\"og:image:type\" content=\"image\/jpeg\" \/>\n<meta name=\"author\" content=\"noah\" \/>\n<meta name=\"twitter:card\" content=\"summary_large_image\" \/>\n<meta name=\"twitter:image\" content=\"https:\/\/whospopular.com\/wp-content\/uploads\/2024\/08\/Tim_Walz.png\" \/>\n<meta name=\"twitter:label1\" content=\"Napisane przez\" \/>\n\t<meta name=\"twitter:data1\" content=\"noah\" \/>\n\t<meta name=\"twitter:label2\" content=\"Szacowany czas czytania\" \/>\n\t<meta name=\"twitter:data2\" content=\"6 minut\" \/>\n<script type=\"application\/ld+json\" class=\"yoast-schema-graph\">{\"@context\":\"https:\/\/schema.org\",\"@graph\":[{\"@type\":\"Article\",\"@id\":\"https:\/\/whospopular.com\/pl\/tim-walz\/#article\",\"isPartOf\":{\"@id\":\"https:\/\/whospopular.com\/pl\/tim-walz\/\"},\"author\":{\"name\":\"noah\",\"@id\":\"https:\/\/whospopular.com\/pl\/#\/schema\/person\/bd50fef83d5c0220865416c310d72e47\"},\"headline\":\"Tim Walz\",\"datePublished\":\"2024-08-05T20:08:24+00:00\",\"dateModified\":\"2025-01-25T17:44:39+00:00\",\"mainEntityOfPage\":{\"@id\":\"https:\/\/whospopular.com\/pl\/tim-walz\/\"},\"wordCount\":568,\"publisher\":{\"@id\":\"https:\/\/whospopular.com\/pl\/#organization\"},\"image\":{\"@id\":\"https:\/\/whospopular.com\/pl\/tim-walz\/#primaryimage\"},\"thumbnailUrl\":\"https:\/\/i0.wp.com\/whospopular.com\/wp-content\/uploads\/2024\/08\/Tim_Walz.png?w=760&resize=760,380&ssl=1\",\"articleSection\":[\"Politycy\"],\"inLanguage\":\"pl-PL\"},{\"@type\":\"WebPage\",\"@id\":\"https:\/\/whospopular.com\/pl\/tim-walz\/\",\"url\":\"https:\/\/whospopular.com\/pl\/tim-walz\/\",\"name\":\"Kim jest Tim Walz? - Wszystko, co musisz wiedzie\u0107\",\"isPartOf\":{\"@id\":\"https:\/\/whospopular.com\/pl\/#website\"},\"primaryImageOfPage\":{\"@id\":\"https:\/\/whospopular.com\/pl\/tim-walz\/#primaryimage\"},\"image\":{\"@id\":\"https:\/\/whospopular.com\/pl\/tim-walz\/#primaryimage\"},\"thumbnailUrl\":\"https:\/\/i0.wp.com\/whospopular.com\/wp-content\/uploads\/2024\/08\/Tim_Walz.png?w=760&resize=760,380&ssl=1\",\"datePublished\":\"2024-08-05T20:08:24+00:00\",\"dateModified\":\"2025-01-25T17:44:39+00:00\",\"description\":\"Tim Walz, 41. gubernator Minnesoty, to do\u015bwiadczony dzia\u0142acz publiczny z bogat\u0105 karier\u0105 obejmuj\u0105c\u0105 edukacj\u0119, s\u0142u\u017cb\u0119 wojskow\u0105 i polityk\u0119. Znany z post\u0119powych polityk oraz pragmatycznego podej\u015bcia, Walz wni\u00f3s\u0142 znacz\u0105cy wk\u0142ad w rozw\u00f3j Minnesoty. Jego kluczowe osi\u0105gni\u0119cia to s\u0142u\u017cba wojskowa, sze\u015b\u0107 kadencji w Kongresie oraz wprowadzenie transformacyjnych reform jako gubernator. Dzi\u0119ki przyst\u0119pnemu stylowi bycia i rosn\u0105cej pozycji na arenie krajowej, pozostaje wp\u0142ywow\u0105 postaci\u0105 w ameryka\u0144skiej polityce.\",\"breadcrumb\":{\"@id\":\"https:\/\/whospopular.com\/pl\/tim-walz\/#breadcrumb\"},\"inLanguage\":\"pl-PL\",\"potentialAction\":[{\"@type\":\"ReadAction\",\"target\":[\"https:\/\/whospopular.com\/pl\/tim-walz\/\"]}]},{\"@type\":\"ImageObject\",\"inLanguage\":\"pl-PL\",\"@id\":\"https:\/\/whospopular.com\/pl\/tim-walz\/#primaryimage\",\"url\":\"https:\/\/i0.wp.com\/whospopular.com\/wp-content\/uploads\/2024\/08\/Tim_Walz.png?w=760&resize=760,380&ssl=1\",\"contentUrl\":\"https:\/\/i0.wp.com\/whospopular.com\/wp-content\/uploads\/2024\/08\/Tim_Walz.png?w=760&resize=760,380&ssl=1\",\"width\":\"760\",\"height\":\"380\"},{\"@type\":\"BreadcrumbList\",\"@id\":\"https:\/\/whospopular.com\/pl\/tim-walz\/#breadcrumb\",\"itemListElement\":[{\"@type\":\"ListItem\",\"position\":1,\"name\":\"Strona g\u0142\u00f3wna\",\"item\":\"https:\/\/whospopular.com\/pl\/\"},{\"@type\":\"ListItem\",\"position\":2,\"name\":\"Tim Walz\"}]},{\"@type\":\"WebSite\",\"@id\":\"https:\/\/whospopular.com\/pl\/#website\",\"url\":\"https:\/\/whospopular.com\/pl\/\",\"name\":\"Who's Popular\",\"description\":\"\u015aled\u017a najpopularniejsze gwiazdy i influencer\u00f3w\",\"publisher\":{\"@id\":\"https:\/\/whospopular.com\/pl\/#organization\"},\"alternateName\":\"Whos Polular\",\"potentialAction\":[{\"@type\":\"SearchAction\",\"target\":{\"@type\":\"EntryPoint\",\"urlTemplate\":\"https:\/\/whospopular.com\/pl\/?s={search_term_string}\"},\"query-input\":{\"@type\":\"PropertyValueSpecification\",\"valueRequired\":true,\"valueName\":\"search_term_string\"}}],\"inLanguage\":\"pl-PL\"},{\"@type\":\"Organization\",\"@id\":\"https:\/\/whospopular.com\/pl\/#organization\",\"name\":\"Who's Popular\",\"alternateName\":\"Whos Popular\",\"url\":\"https:\/\/whospopular.com\/pl\/\",\"logo\":{\"@type\":\"ImageObject\",\"inLanguage\":\"pl-PL\",\"@id\":\"https:\/\/whospopular.com\/pl\/#\/schema\/logo\/image\/\",\"url\":\"https:\/\/whospopular.com\/pl\/wp-content\/uploads\/2024\/06\/Whos-Popular-wht.png\",\"contentUrl\":\"https:\/\/whospopular.com\/pl\/wp-content\/uploads\/2024\/06\/Whos-Popular-wht.png\",\"width\":1280,\"height\":224,\"caption\":\"Who's Popular\"},\"image\":{\"@id\":\"https:\/\/whospopular.com\/pl\/#\/schema\/logo\/image\/\"}},{\"@type\":\"Person\",\"@id\":\"https:\/\/whospopular.com\/pl\/#\/schema\/person\/bd50fef83d5c0220865416c310d72e47\",\"name\":\"noah\",\"image\":{\"@type\":\"ImageObject\",\"inLanguage\":\"pl-PL\",\"@id\":\"https:\/\/whospopular.com\/pl\/#\/schema\/person\/image\/\",\"url\":\"https:\/\/secure.gravatar.com\/avatar\/610151388a824f288ca8e4e9bb83f146?s=96&d=mm&r=g\",\"contentUrl\":\"https:\/\/secure.gravatar.com\/avatar\/610151388a824f288ca8e4e9bb83f146?s=96&d=mm&r=g\",\"caption\":\"noah\"},\"sameAs\":[\"https:\/\/whospopular.com\/pl\"],\"url\":\"https:\/\/whospopular.com\/pl\/author\/noah\/\"}]}<\/script>\n<!-- \/ Yoast SEO plugin. -->","yoast_head_json":{"title":"Kim jest Tim Walz? - Wszystko, co musisz wiedzie\u0107","description":"Tim Walz, 41. gubernator Minnesoty, to do\u015bwiadczony dzia\u0142acz publiczny z bogat\u0105 karier\u0105 obejmuj\u0105c\u0105 edukacj\u0119, s\u0142u\u017cb\u0119 wojskow\u0105 i polityk\u0119. Znany z post\u0119powych polityk oraz pragmatycznego podej\u015bcia, Walz wni\u00f3s\u0142 znacz\u0105cy wk\u0142ad w rozw\u00f3j Minnesoty. Jego kluczowe osi\u0105gni\u0119cia to s\u0142u\u017cba wojskowa, sze\u015b\u0107 kadencji w Kongresie oraz wprowadzenie transformacyjnych reform jako gubernator. Dzi\u0119ki przyst\u0119pnemu stylowi bycia i rosn\u0105cej pozycji na arenie krajowej, pozostaje wp\u0142ywow\u0105 postaci\u0105 w ameryka\u0144skiej polityce.","robots":{"index":"index","follow":"follow","max-snippet":"max-snippet:-1","max-image-preview":"max-image-preview:large","max-video-preview":"max-video-preview:-1"},"canonical":"https:\/\/whospopular.com\/pl\/tim-walz\/","og_locale":"pl_PL","og_type":"article","og_title":"Kim jest Tim Walz? - Wszystko, co musisz wiedzie\u0107","og_description":"Tim Walz, 41. gubernator Minnesoty, to do\u015bwiadczony dzia\u0142acz publiczny z bogat\u0105 karier\u0105 obejmuj\u0105c\u0105 edukacj\u0119, s\u0142u\u017cb\u0119 wojskow\u0105 i polityk\u0119. Znany z post\u0119powych polityk oraz pragmatycznego podej\u015bcia, Walz wni\u00f3s\u0142 znacz\u0105cy wk\u0142ad w rozw\u00f3j Minnesoty. Jego kluczowe osi\u0105gni\u0119cia to s\u0142u\u017cba wojskowa, sze\u015b\u0107 kadencji w Kongresie oraz wprowadzenie transformacyjnych reform jako gubernator. Dzi\u0119ki przyst\u0119pnemu stylowi bycia i rosn\u0105cej pozycji na arenie krajowej, pozostaje wp\u0142ywow\u0105 postaci\u0105 w ameryka\u0144skiej polityce.","og_url":"https:\/\/whospopular.com\/pl\/tim-walz\/","og_site_name":"Whos Popular","article_published_time":"2024-08-05T20:08:24+00:00","article_modified_time":"2025-01-25T17:44:39+00:00","og_image":[{"url":"https:\/\/whospopular.com\/wp-content\/uploads\/2024\/08\/Tim_Walz.png"},{"width":760,"height":380,"url":"https:\/\/whospopular.com\/wp-content\/uploads\/2024\/08\/Tim_Walz.png","type":"image\/jpeg"}],"author":"noah","twitter_card":"summary_large_image","twitter_image":"https:\/\/whospopular.com\/wp-content\/uploads\/2024\/08\/Tim_Walz.png","twitter_misc":{"Napisane przez":"noah","Szacowany czas czytania":"6 minut"},"schema":{"@context":"https:\/\/schema.org","@graph":[{"@type":"Article","@id":"https:\/\/whospopular.com\/pl\/tim-walz\/#article","isPartOf":{"@id":"https:\/\/whospopular.com\/pl\/tim-walz\/"},"author":{"name":"noah","@id":"https:\/\/whospopular.com\/pl\/#\/schema\/person\/bd50fef83d5c0220865416c310d72e47"},"headline":"Tim Walz","datePublished":"2024-08-05T20:08:24+00:00","dateModified":"2025-01-25T17:44:39+00:00","mainEntityOfPage":{"@id":"https:\/\/whospopular.com\/pl\/tim-walz\/"},"wordCount":568,"publisher":{"@id":"https:\/\/whospopular.com\/pl\/#organization"},"image":{"@id":"https:\/\/whospopular.com\/pl\/tim-walz\/#primaryimage"},"thumbnailUrl":"https:\/\/i0.wp.com\/whospopular.com\/wp-content\/uploads\/2024\/08\/Tim_Walz.png?w=760&resize=760,380&ssl=1","articleSection":["Politycy"],"inLanguage":"pl-PL"},{"@type":"WebPage","@id":"https:\/\/whospopular.com\/pl\/tim-walz\/","url":"https:\/\/whospopular.com\/pl\/tim-walz\/","name":"Kim jest Tim Walz? - Wszystko, co musisz wiedzie\u0107","isPartOf":{"@id":"https:\/\/whospopular.com\/pl\/#website"},"primaryImageOfPage":{"@id":"https:\/\/whospopular.com\/pl\/tim-walz\/#primaryimage"},"image":{"@id":"https:\/\/whospopular.com\/pl\/tim-walz\/#primaryimage"},"thumbnailUrl":"https:\/\/i0.wp.com\/whospopular.com\/wp-content\/uploads\/2024\/08\/Tim_Walz.png?w=760&resize=760,380&ssl=1","datePublished":"2024-08-05T20:08:24+00:00","dateModified":"2025-01-25T17:44:39+00:00","description":"Tim Walz, 41. gubernator Minnesoty, to do\u015bwiadczony dzia\u0142acz publiczny z bogat\u0105 karier\u0105 obejmuj\u0105c\u0105 edukacj\u0119, s\u0142u\u017cb\u0119 wojskow\u0105 i polityk\u0119. Znany z post\u0119powych polityk oraz pragmatycznego podej\u015bcia, Walz wni\u00f3s\u0142 znacz\u0105cy wk\u0142ad w rozw\u00f3j Minnesoty. Jego kluczowe osi\u0105gni\u0119cia to s\u0142u\u017cba wojskowa, sze\u015b\u0107 kadencji w Kongresie oraz wprowadzenie transformacyjnych reform jako gubernator. Dzi\u0119ki przyst\u0119pnemu stylowi bycia i rosn\u0105cej pozycji na arenie krajowej, pozostaje wp\u0142ywow\u0105 postaci\u0105 w ameryka\u0144skiej polityce.","breadcrumb":{"@id":"https:\/\/whospopular.com\/pl\/tim-walz\/#breadcrumb"},"inLanguage":"pl-PL","potentialAction":[{"@type":"ReadAction","target":["https:\/\/whospopular.com\/pl\/tim-walz\/"]}]},{"@type":"ImageObject","inLanguage":"pl-PL","@id":"https:\/\/whospopular.com\/pl\/tim-walz\/#primaryimage","url":"https:\/\/i0.wp.com\/whospopular.com\/wp-content\/uploads\/2024\/08\/Tim_Walz.png?w=760&resize=760,380&ssl=1","contentUrl":"https:\/\/i0.wp.com\/whospopular.com\/wp-content\/uploads\/2024\/08\/Tim_Walz.png?w=760&resize=760,380&ssl=1","width":"760","height":"380"},{"@type":"BreadcrumbList","@id":"https:\/\/whospopular.com\/pl\/tim-walz\/#breadcrumb","itemListElement":[{"@type":"ListItem","position":1,"name":"Strona g\u0142\u00f3wna","item":"https:\/\/whospopular.com\/pl\/"},{"@type":"ListItem","position":2,"name":"Tim Walz"}]},{"@type":"WebSite","@id":"https:\/\/whospopular.com\/pl\/#website","url":"https:\/\/whospopular.com\/pl\/","name":"Who's Popular","description":"\u015aled\u017a najpopularniejsze gwiazdy i influencer\u00f3w","publisher":{"@id":"https:\/\/whospopular.com\/pl\/#organization"},"alternateName":"Whos Polular","potentialAction":[{"@type":"SearchAction","target":{"@type":"EntryPoint","urlTemplate":"https:\/\/whospopular.com\/pl\/?s={search_term_string}"},"query-input":{"@type":"PropertyValueSpecification","valueRequired":true,"valueName":"search_term_string"}}],"inLanguage":"pl-PL"},{"@type":"Organization","@id":"https:\/\/whospopular.com\/pl\/#organization","name":"Who's Popular","alternateName":"Whos Popular","url":"https:\/\/whospopular.com\/pl\/","logo":{"@type":"ImageObject","inLanguage":"pl-PL","@id":"https:\/\/whospopular.com\/pl\/#\/schema\/logo\/image\/","url":"https:\/\/whospopular.com\/pl\/wp-content\/uploads\/2024\/06\/Whos-Popular-wht.png","contentUrl":"https:\/\/whospopular.com\/pl\/wp-content\/uploads\/2024\/06\/Whos-Popular-wht.png","width":1280,"height":224,"caption":"Who's Popular"},"image":{"@id":"https:\/\/whospopular.com\/pl\/#\/schema\/logo\/image\/"}},{"@type":"Person","@id":"https:\/\/whospopular.com\/pl\/#\/schema\/person\/bd50fef83d5c0220865416c310d72e47","name":"noah","image":{"@type":"ImageObject","inLanguage":"pl-PL","@id":"https:\/\/whospopular.com\/pl\/#\/schema\/person\/image\/","url":"https:\/\/secure.gravatar.com\/avatar\/610151388a824f288ca8e4e9bb83f146?s=96&d=mm&r=g","contentUrl":"https:\/\/secure.gravatar.com\/avatar\/610151388a824f288ca8e4e9bb83f146?s=96&d=mm&r=g","caption":"noah"},"sameAs":["https:\/\/whospopular.com\/pl"],"url":"https:\/\/whospopular.com\/pl\/author\/noah\/"}]}},"jetpack_sharing_enabled":true,"jetpack_featured_media_url":"https:\/\/i0.wp.com\/whospopular.com\/wp-content\/uploads\/2024\/08\/Tim_Walz.png?w=760&resize=760,380&ssl=1","_links":{"self":[{"href":"https:\/\/whospopular.com\/pl\/wp-json\/wp\/v2\/posts\/1035","targetHints":{"allow":["GET"]}}],"collection":[{"href":"https:\/\/whospopular.com\/pl\/wp-json\/wp\/v2\/posts"}],"about":[{"href":"https:\/\/whospopular.com\/pl\/wp-json\/wp\/v2\/types\/post"}],"author":[{"embeddable":true,"href":"https:\/\/whospopular.com\/pl\/wp-json\/wp\/v2\/users\/1"}],"replies":[{"embeddable":true,"href":"https:\/\/whospopular.com\/pl\/wp-json\/wp\/v2\/comments?post=1035"}],"version-history":[{"count":5,"href":"https:\/\/whospopular.com\/pl\/wp-json\/wp\/v2\/posts\/1035\/revisions"}],"predecessor-version":[{"id":1491,"href":"https:\/\/whospopular.com\/pl\/wp-json\/wp\/v2\/posts\/1035\/revisions\/1491"}],"wp:featuredmedia":[{"embeddable":true,"href":"https:\/\/whospopular.com\/pl\/wp-json\/wp\/v2\/media\/1263"}],"wp:attachment":[{"href":"https:\/\/whospopular.com\/pl\/wp-json\/wp\/v2\/media?parent=1035"}],"wp:term":[{"taxonomy":"category","embeddable":true,"href":"https:\/\/whospopular.com\/pl\/wp-json\/wp\/v2\/categories?post=1035"},{"taxonomy":"post_tag","embeddable":true,"href":"https:\/\/whospopular.com\/pl\/wp-json\/wp\/v2\/tags?post=1035"}],"curies":[{"name":"wp","href":"https:\/\/api.w.org\/{rel}","templated":true}]}}